{"id":13359,"date":"2023-09-29T08:06:07","date_gmt":"2023-09-29T12:06:07","guid":{"rendered":"https:\/\/tenado.de\/?p=13359"},"modified":"2025-09-04T12:55:38","modified_gmt":"2025-09-04T10:55:38","slug":"tischlerwerkstatt-janssen","status":"publish","type":"post","link":"https:\/\/tenado.de\/de\/tischlerwerkstatt-janssen\/","title":{"rendered":"Tischlerwerkstatt Jan\u00dfen"},"content":{"rendered":"\t\t<div data-elementor-type=\"wp-post\" data-elementor-id=\"13359\" class=\"elementor elementor-13359\" data-elementor-post-type=\"post\">\n\t\t\t\t<div class=\"elementor-element elementor-element-8671e7a e-flex e-con-boxed e-con e-parent\" data-id=\"8671e7a\" data-element_type=\"container\" data-e-type=\"container\">\n\t\t\t\t\t<div class=\"e-con-inner\">\n\t\t\t\t<div class=\"elementor-element elementor-element-dea9037 elementor-widget elementor-widget-heading\" data-id=\"dea9037\" data-element_type=\"widget\" data-e-type=\"widget\" data-widget_type=\"heading.default\">\n\t\t\t\t<div class=\"elementor-widget-container\">\n\t\t\t\t\t<h2 class=\"elementor-heading-title elementor-size-default\">Kreative B\u00fcroausstattung mit Leidenschaft f\u00fcr Holz<\/h2>\t\t\t\t<\/div>\n\t\t\t\t<\/div>\n\t\t\t\t<div class=\"elementor-element elementor-element-96c5a47 elementor-widget elementor-widget-text-editor\" data-id=\"96c5a47\" data-element_type=\"widget\" data-e-type=\"widget\" data-widget_type=\"text-editor.default\">\n\t\t\t\t<div class=\"elementor-widget-container\">\n\t\t\t\t\t\t\t\t\tTheo Jan\u00dfen ist seit mehr als 20 Jahren Tischler. Seinen eigenen Betrieb hat er seit 15 Jahren. Die Arbeit mit Holz ist f\u00fcr ihn eine kreative Angelegenheit, verbunden mit viel Leidenschaft f\u00fcr den Werkstoff. Der Tischlermeister freut sich \u00fcber Herausforderungen, Einbauschr\u00e4nke unter kniffligen Dachschr\u00e4gen oder in ungleichm\u00e4\u00dfigen Nischen. Vielf\u00e4ltigkeit ist das, was seinen Beruf f\u00fcr ihn erst richtig interessant macht. Mit TENADO HOLZ erstellt er die komplette Ansicht des neuen M\u00f6bels. So auch bei der B\u00fcroausstattung im Privathaus eines Bio-Bauernhofs in Weeze.\n\t\t\t\t\t\t\t\t<\/div>\n\t\t\t\t<\/div>\n\t\t\t\t\t<\/div>\n\t\t\t\t<\/div>\n\t\t<div class=\"elementor-element elementor-element-dc222a4 e-con-full e-flex e-con e-parent\" data-id=\"dc222a4\" data-element_type=\"container\" data-e-type=\"container\">\n\t\t\t\t<div class=\"elementor-element elementor-element-5b7e682 elementor-widget elementor-widget-heading\" data-id=\"5b7e682\" data-element_type=\"widget\" data-e-type=\"widget\" data-widget_type=\"heading.default\">\n\t\t\t\t<div class=\"elementor-widget-container\">\n\t\t\t\t\t<h3 class=\"elementor-heading-title elementor-size-default\">Lernen Sie das Projekt von Theo Jan\u00dfen im Video kennen!\n\n<\/h3>\t\t\t\t<\/div>\n\t\t\t\t<\/div>\n\t\t\t\t<div class=\"elementor-element elementor-element-1a6c045 elementor-widget elementor-widget-video\" data-id=\"1a6c045\" data-element_type=\"widget\" data-e-type=\"widget\" data-settings=\"{&quot;youtube_url&quot;:&quot;https:\\\/\\\/youtu.be\\\/RDfhLSwGsW8&quot;,&quot;video_type&quot;:&quot;youtube&quot;,&quot;controls&quot;:&quot;yes&quot;}\" data-widget_type=\"video.default\">\n\t\t\t\t<div class=\"elementor-widget-container\">\n\t\t\t\t\t\t\t<div class=\"elementor-wrapper elementor-open-inline\">\n\t\t\t<div class=\"elementor-video\"><\/div>\t\t<\/div>\n\t\t\t\t\t\t<\/div>\n\t\t\t\t<\/div>\n\t\t\t\t<\/div>\n\t\t<div class=\"elementor-element elementor-element-4faa61b e-flex e-con-boxed e-con e-parent\" data-id=\"4faa61b\" data-element_type=\"container\" data-e-type=\"container\">\n\t\t\t\t\t<div class=\"e-con-inner\">\n\t\t\t\t<div class=\"elementor-element elementor-element-f08e984 elementor-widget elementor-widget-heading\" data-id=\"f08e984\" data-element_type=\"widget\" data-e-type=\"widget\" data-widget_type=\"heading.default\">\n\t\t\t\t<div class=\"elementor-widget-container\">\n\t\t\t\t\t<h2 class=\"elementor-heading-title elementor-size-default\">Funktionalit\u00e4t trifft auf \u00c4sthetik: B\u00fcroausstattung f\u00fcr ein \u00f6kologisches Holzhaus\n<\/h2>\t\t\t\t<\/div>\n\t\t\t\t<\/div>\n\t\t\t\t\t<\/div>\n\t\t\t\t<\/div>\n\t\t<div class=\"elementor-element elementor-element-14e33c8 e-flex e-con-boxed e-con e-parent\" data-id=\"14e33c8\" data-element_type=\"container\" data-e-type=\"container\">\n\t\t\t\t\t<div class=\"e-con-inner\">\n\t\t<div class=\"elementor-element elementor-element-290579d e-con-full e-flex e-con e-child\" data-id=\"290579d\" data-element_type=\"container\" data-e-type=\"container\">\n\t\t<div class=\"elementor-element elementor-element-fac8880 e-flex e-con-boxed e-con e-child\" data-id=\"fac8880\" data-element_type=\"container\" data-e-type=\"container\">\n\t\t\t\t\t<div class=\"e-con-inner\">\n\t\t\t\t<div class=\"elementor-element elementor-element-8955797 elementor-widget elementor-widget-image\" data-id=\"8955797\" data-element_type=\"widget\" data-e-type=\"widget\" data-widget_type=\"image.default\">\n\t\t\t\t<div class=\"elementor-widget-container\">\n\t\t\t\t\t\t\t\t\t\t\t\t\t\t\t<img fetchpriority=\"high\" decoding=\"async\" width=\"800\" height=\"451\" src=\"https:\/\/tenado.de\/wp-content\/uploads\/2023\/09\/csm_TENADO-HOLZ-Ausgezeichnet-Tischlerei-Janssen-1-1024x577.webp\" class=\"attachment-large size-large wp-image-13373\" alt=\"\" srcset=\"https:\/\/tenado.de\/wp-content\/uploads\/2023\/09\/csm_TENADO-HOLZ-Ausgezeichnet-Tischlerei-Janssen-1-1024x577.webp 1024w, https:\/\/tenado.de\/wp-content\/uploads\/2023\/09\/csm_TENADO-HOLZ-Ausgezeichnet-Tischlerei-Janssen-1-300x169.webp 300w, https:\/\/tenado.de\/wp-content\/uploads\/2023\/09\/csm_TENADO-HOLZ-Ausgezeichnet-Tischlerei-Janssen-1-768x433.jpg 768w, https:\/\/tenado.de\/wp-content\/uploads\/2023\/09\/csm_TENADO-HOLZ-Ausgezeichnet-Tischlerei-Janssen-1.webp 1280w\" sizes=\"(max-width: 800px) 100vw, 800px\" \/>\t\t\t\t\t\t\t\t\t\t\t\t\t\t\t<\/div>\n\t\t\t\t<\/div>\n\t\t\t\t<div class=\"elementor-element elementor-element-37bfca1 elementor-widget elementor-widget-image\" data-id=\"37bfca1\" data-element_type=\"widget\" data-e-type=\"widget\" data-widget_type=\"image.default\">\n\t\t\t\t<div class=\"elementor-widget-container\">\n\t\t\t\t\t\t\t\t\t\t\t\t\t\t\t<img decoding=\"async\" width=\"800\" height=\"451\" src=\"https:\/\/tenado.de\/wp-content\/uploads\/2023\/09\/csm_TENADO-HOLZ-Ausgezeichnet-Tischlerei-Janssen-2-1024x577.jpg\" class=\"attachment-large size-large wp-image-13371\" alt=\"\" srcset=\"https:\/\/tenado.de\/wp-content\/uploads\/2023\/09\/csm_TENADO-HOLZ-Ausgezeichnet-Tischlerei-Janssen-2-1024x577.jpg 1024w, https:\/\/tenado.de\/wp-content\/uploads\/2023\/09\/csm_TENADO-HOLZ-Ausgezeichnet-Tischlerei-Janssen-2-300x169.jpg 300w, https:\/\/tenado.de\/wp-content\/uploads\/2023\/09\/csm_TENADO-HOLZ-Ausgezeichnet-Tischlerei-Janssen-2-768x433.jpg 768w, https:\/\/tenado.de\/wp-content\/uploads\/2023\/09\/csm_TENADO-HOLZ-Ausgezeichnet-Tischlerei-Janssen-2.webp 1280w\" sizes=\"(max-width: 800px) 100vw, 800px\" \/>\t\t\t\t\t\t\t\t\t\t\t\t\t\t\t<\/div>\n\t\t\t\t<\/div>\n\t\t\t\t\t<\/div>\n\t\t\t\t<\/div>\n\t\t\t\t<\/div>\n\t\t<div class=\"elementor-element elementor-element-d198ed7 e-con-full e-flex e-con e-child\" data-id=\"d198ed7\" data-element_type=\"container\" data-e-type=\"container\">\n\t\t\t\t<div class=\"elementor-element elementor-element-de187f6 elementor-widget elementor-widget-image\" data-id=\"de187f6\" data-element_type=\"widget\" data-e-type=\"widget\" data-widget_type=\"image.default\">\n\t\t\t\t<div class=\"elementor-widget-container\">\n\t\t\t\t\t\t\t\t\t\t\t\t\t\t\t<img decoding=\"async\" width=\"800\" height=\"451\" src=\"https:\/\/tenado.de\/wp-content\/uploads\/2023\/09\/csm_TENADO-HOLZ-Ausgezeichnet-Tischlerei-Janssen-3-1024x577.webp\" class=\"attachment-large size-large wp-image-13369\" alt=\"\" srcset=\"https:\/\/tenado.de\/wp-content\/uploads\/2023\/09\/csm_TENADO-HOLZ-Ausgezeichnet-Tischlerei-Janssen-3-1024x577.webp 1024w, https:\/\/tenado.de\/wp-content\/uploads\/2023\/09\/csm_TENADO-HOLZ-Ausgezeichnet-Tischlerei-Janssen-3-300x169.webp 300w, https:\/\/tenado.de\/wp-content\/uploads\/2023\/09\/csm_TENADO-HOLZ-Ausgezeichnet-Tischlerei-Janssen-3-768x433.jpg 768w, https:\/\/tenado.de\/wp-content\/uploads\/2023\/09\/csm_TENADO-HOLZ-Ausgezeichnet-Tischlerei-Janssen-3.webp 1280w\" sizes=\"(max-width: 800px) 100vw, 800px\" \/>\t\t\t\t\t\t\t\t\t\t\t\t\t\t\t<\/div>\n\t\t\t\t<\/div>\n\t\t\t\t<\/div>\n\t\t\t\t\t<\/div>\n\t\t\t\t<\/div>\n\t\t<div class=\"elementor-element elementor-element-8603a0b e-flex e-con-boxed e-con e-parent\" data-id=\"8603a0b\" data-element_type=\"container\" data-e-type=\"container\">\n\t\t\t\t\t<div class=\"e-con-inner\">\n\t\t<div class=\"elementor-element elementor-element-62d83fb e-con-full e-flex e-con e-child\" data-id=\"62d83fb\" data-element_type=\"container\" data-e-type=\"container\">\n\t\t\t\t<div class=\"elementor-element elementor-element-cec0764 elementor-widget elementor-widget-image\" data-id=\"cec0764\" data-element_type=\"widget\" data-e-type=\"widget\" data-widget_type=\"image.default\">\n\t\t\t\t<div class=\"elementor-widget-container\">\n\t\t\t\t\t\t\t\t\t\t\t\t\t\t\t<img loading=\"lazy\" decoding=\"async\" width=\"800\" height=\"451\" src=\"https:\/\/tenado.de\/wp-content\/uploads\/2023\/09\/csm_TENADO-HOLZ-Ausgezeichnet-Tischlerei-Janssen-4-1024x577.webp\" class=\"attachment-large size-large wp-image-13367\" alt=\"\" srcset=\"https:\/\/tenado.de\/wp-content\/uploads\/2023\/09\/csm_TENADO-HOLZ-Ausgezeichnet-Tischlerei-Janssen-4-1024x577.webp 1024w, https:\/\/tenado.de\/wp-content\/uploads\/2023\/09\/csm_TENADO-HOLZ-Ausgezeichnet-Tischlerei-Janssen-4-300x169.webp 300w, https:\/\/tenado.de\/wp-content\/uploads\/2023\/09\/csm_TENADO-HOLZ-Ausgezeichnet-Tischlerei-Janssen-4-768x433.jpg 768w, https:\/\/tenado.de\/wp-content\/uploads\/2023\/09\/csm_TENADO-HOLZ-Ausgezeichnet-Tischlerei-Janssen-4.webp 1280w\" sizes=\"(max-width: 800px) 100vw, 800px\" \/>\t\t\t\t\t\t\t\t\t\t\t\t\t\t\t<\/div>\n\t\t\t\t<\/div>\n\t\t\t\t<\/div>\n\t\t<div class=\"elementor-element elementor-element-b947757 e-con-full e-flex e-con e-child\" data-id=\"b947757\" data-element_type=\"container\" data-e-type=\"container\">\n\t\t\t\t<div class=\"elementor-element elementor-element-2da7288 elementor-widget elementor-widget-image\" data-id=\"2da7288\" data-element_type=\"widget\" data-e-type=\"widget\" data-widget_type=\"image.default\">\n\t\t\t\t<div class=\"elementor-widget-container\">\n\t\t\t\t\t\t\t\t\t\t\t\t\t\t\t<img loading=\"lazy\" decoding=\"async\" width=\"800\" height=\"451\" src=\"https:\/\/tenado.de\/wp-content\/uploads\/2023\/09\/csm_TENADO-HOLZ-Ausgezeichnet-Tischlerei-Janssen-5-1024x577.webp\" class=\"attachment-large size-large wp-image-13365\" alt=\"\" srcset=\"https:\/\/tenado.de\/wp-content\/uploads\/2023\/09\/csm_TENADO-HOLZ-Ausgezeichnet-Tischlerei-Janssen-5-1024x577.webp 1024w, https:\/\/tenado.de\/wp-content\/uploads\/2023\/09\/csm_TENADO-HOLZ-Ausgezeichnet-Tischlerei-Janssen-5-300x169.webp 300w, https:\/\/tenado.de\/wp-content\/uploads\/2023\/09\/csm_TENADO-HOLZ-Ausgezeichnet-Tischlerei-Janssen-5-768x433.jpg 768w, https:\/\/tenado.de\/wp-content\/uploads\/2023\/09\/csm_TENADO-HOLZ-Ausgezeichnet-Tischlerei-Janssen-5.webp 1280w\" sizes=\"(max-width: 800px) 100vw, 800px\" \/>\t\t\t\t\t\t\t\t\t\t\t\t\t\t\t<\/div>\n\t\t\t\t<\/div>\n\t\t\t\t<\/div>\n\t\t<div class=\"elementor-element elementor-element-7e72c2e e-con-full e-flex e-con e-child\" data-id=\"7e72c2e\" data-element_type=\"container\" data-e-type=\"container\">\n\t\t\t\t<div class=\"elementor-element elementor-element-6fb1c2f elementor-widget elementor-widget-image\" data-id=\"6fb1c2f\" data-element_type=\"widget\" data-e-type=\"widget\" data-widget_type=\"image.default\">\n\t\t\t\t<div class=\"elementor-widget-container\">\n\t\t\t\t\t\t\t\t\t\t\t\t\t\t\t<img loading=\"lazy\" decoding=\"async\" width=\"800\" height=\"451\" src=\"https:\/\/tenado.de\/wp-content\/uploads\/2023\/09\/csm_TENADO-HOLZ-Ausgezeichnet-Tischlerei-Janssen-6-1024x577.webp\" class=\"attachment-large size-large wp-image-13363\" alt=\"\" srcset=\"https:\/\/tenado.de\/wp-content\/uploads\/2023\/09\/csm_TENADO-HOLZ-Ausgezeichnet-Tischlerei-Janssen-6-1024x577.webp 1024w, https:\/\/tenado.de\/wp-content\/uploads\/2023\/09\/csm_TENADO-HOLZ-Ausgezeichnet-Tischlerei-Janssen-6-300x169.webp 300w, https:\/\/tenado.de\/wp-content\/uploads\/2023\/09\/csm_TENADO-HOLZ-Ausgezeichnet-Tischlerei-Janssen-6-768x433.jpg 768w, https:\/\/tenado.de\/wp-content\/uploads\/2023\/09\/csm_TENADO-HOLZ-Ausgezeichnet-Tischlerei-Janssen-6.webp 1280w\" sizes=\"(max-width: 800px) 100vw, 800px\" \/>\t\t\t\t\t\t\t\t\t\t\t\t\t\t\t<\/div>\n\t\t\t\t<\/div>\n\t\t\t\t<\/div>\n\t\t\t\t\t<\/div>\n\t\t\t\t<\/div>\n\t\t<div class=\"elementor-element elementor-element-253d25c e-flex e-con-boxed e-con e-parent\" data-id=\"253d25c\" data-element_type=\"container\" data-e-type=\"container\">\n\t\t\t\t\t<div class=\"e-con-inner\">\n\t\t\t\t<div class=\"elementor-element elementor-element-8beab65 elementor-widget elementor-widget-text-editor\" data-id=\"8beab65\" data-element_type=\"widget\" data-e-type=\"widget\" data-widget_type=\"text-editor.default\">\n\t\t\t\t<div class=\"elementor-widget-container\">\n\t\t\t\t\t\t\t\t\tEin Home Office, das sich auch als Einbauschrank tarnen kann, das waren die Anforderungen der Besitzer.\nDrucker, Scanner, Computer und Ordner sollen Platz finden, aber im Notfall hinter den T\u00fcren verschwinden k\u00f6nnen. Weil die B\u00fcroausstattung im Wohnzimmer des Holzhauses integriert ist, soll das M\u00f6belst\u00fcck nicht nur optisch passen, sondern auch enorm praktisch sein. Zudem musste Theo Jan\u00dfen mit zwei verschiedenen Tiefen arbeiten. Gro\u00dfe Ger\u00e4te verschwinden im Ganzen, die Seitenansicht bleibt aber unauff\u00e4llig. Offene Regale bieten Platz f\u00fcr Deko und B\u00fccher und lockern auf. Durch die raumhohe Konstruktion wirkt die B\u00fcroausstattung wie aus einem Guss. \t\t\t\t\t\t\t\t<\/div>\n\t\t\t\t<\/div>\n\t\t\t\t\t<\/div>\n\t\t\t\t<\/div>\n\t\t<div class=\"elementor-element elementor-element-bad9cbc e-flex e-con-boxed e-con e-parent\" data-id=\"bad9cbc\" data-element_type=\"container\" data-e-type=\"container\">\n\t\t\t\t\t<div class=\"e-con-inner\">\n\t\t<div class=\"elementor-element elementor-element-e2e8ac4 e-con-full e-flex e-con e-child\" data-id=\"e2e8ac4\" data-element_type=\"container\" data-e-type=\"container\">\n\t\t\t\t<div class=\"elementor-element elementor-element-c59fc4f elementor-widget elementor-widget-heading\" data-id=\"c59fc4f\" data-element_type=\"widget\" data-e-type=\"widget\" data-widget_type=\"heading.default\">\n\t\t\t\t<div class=\"elementor-widget-container\">\n\t\t\t\t\t<h4 class=\"elementor-heading-title elementor-size-default\">\u201eHolz ist ein nat\u00fcrlicher Werkstoff. Er f\u00fchlt sich warm an und hat eine sch\u00f6ne Oberfl\u00e4che. Das ist etwas, das die Menschen mittlerweile mehr lieben.\u201c\nTheo Jan\u00dfen<\/h4>\t\t\t\t<\/div>\n\t\t\t\t<\/div>\n\t\t\t\t<\/div>\n\t\t<div class=\"elementor-element elementor-element-64c6b87 e-con-full e-flex e-con e-child\" data-id=\"64c6b87\" data-element_type=\"container\" data-e-type=\"container\">\n\t\t\t\t<div class=\"elementor-element elementor-element-4949051 elementor-widget elementor-widget-image\" data-id=\"4949051\" data-element_type=\"widget\" data-e-type=\"widget\" data-widget_type=\"image.default\">\n\t\t\t\t<div class=\"elementor-widget-container\">\n\t\t\t\t\t\t\t\t\t\t\t\t\t\t\t<img loading=\"lazy\" decoding=\"async\" width=\"800\" height=\"600\" src=\"https:\/\/tenado.de\/wp-content\/uploads\/2023\/09\/TENADO-HOLZ-LVR-Tischlerei-Jansen-Schrank-1024x768.webp\" class=\"attachment-large size-large wp-image-13375\" alt=\"\" srcset=\"https:\/\/tenado.de\/wp-content\/uploads\/2023\/09\/TENADO-HOLZ-LVR-Tischlerei-Jansen-Schrank-1024x768.webp 1024w, https:\/\/tenado.de\/wp-content\/uploads\/2023\/09\/TENADO-HOLZ-LVR-Tischlerei-Jansen-Schrank-300x225.webp 300w, https:\/\/tenado.de\/wp-content\/uploads\/2023\/09\/TENADO-HOLZ-LVR-Tischlerei-Jansen-Schrank-768x576.png 768w, https:\/\/tenado.de\/wp-content\/uploads\/2023\/09\/TENADO-HOLZ-LVR-Tischlerei-Jansen-Schrank.webp 1280w\" sizes=\"(max-width: 800px) 100vw, 800px\" \/>\t\t\t\t\t\t\t\t\t\t\t\t\t\t\t<\/div>\n\t\t\t\t<\/div>\n\t\t\t\t<\/div>\n\t\t\t\t\t<\/div>\n\t\t\t\t<\/div>\n\t\t<div class=\"elementor-element elementor-element-7699436 e-flex e-con-boxed e-con e-parent\" data-id=\"7699436\" data-element_type=\"container\" data-e-type=\"container\" data-settings=\"{&quot;background_background&quot;:&quot;classic&quot;}\">\n\t\t\t\t\t<div class=\"e-con-inner\">\n\t\t<div class=\"elementor-element elementor-element-7858a60 e-flex e-con-boxed e-con e-child\" data-id=\"7858a60\" data-element_type=\"container\" data-e-type=\"container\" data-settings=\"{&quot;background_background&quot;:&quot;classic&quot;}\">\n\t\t\t\t\t<div class=\"e-con-inner\">\n\t\t\t\t<div class=\"elementor-element elementor-element-4a1ca5f elementor-widget elementor-widget-heading\" data-id=\"4a1ca5f\" data-element_type=\"widget\" data-e-type=\"widget\" data-widget_type=\"heading.default\">\n\t\t\t\t<div class=\"elementor-widget-container\">\n\t\t\t\t\t<h2 class=\"elementor-heading-title elementor-size-default\">Die richtigen Materialien sind das A und O<\/h2>\t\t\t\t<\/div>\n\t\t\t\t<\/div>\n\t\t\t\t<div class=\"elementor-element elementor-element-dfb4797 elementor-widget elementor-widget-text-editor\" data-id=\"dfb4797\" data-element_type=\"widget\" data-e-type=\"widget\" data-widget_type=\"text-editor.default\">\n\t\t\t\t<div class=\"elementor-widget-container\">\n\t\t\t\t\t\t\t\t\tDas intelligente Schranksystem passt sich aber nicht nur optisch dem \u00f6kologischen Holzhaus an, auch die Materialien hat der Tischler entsprechend ausgew\u00e4hlt. Alle Schrankteile sind aus Multiplex mit Birkenfurnier gemacht. Die Fronten sind in Eiche furniert und mit Linoleum versehen. Das f\u00fchlt sich warm an und ist robust, so dass es gut als Schreibtisch dienen kann. Vom Erstkontakt \u00fcber die Entw\u00fcrfe, f\u00fcr die richtige Zeichnung, bis hin zum Einbau hat Theo Jan\u00dfen etwa 70 bis 80 Arbeitsstunden gebraucht. \t\t\t\t\t\t\t\t<\/div>\n\t\t\t\t<\/div>\n\t\t\t\t\t<\/div>\n\t\t\t\t<\/div>\n\t\t\t\t\t<\/div>\n\t\t\t\t<\/div>\n\t\t<div class=\"elementor-element elementor-element-d4266ba e-flex e-con-boxed e-con e-parent\" data-id=\"d4266ba\" data-element_type=\"container\" data-e-type=\"container\">\n\t\t\t\t\t<div class=\"e-con-inner\">\n\t\t\t\t<div class=\"elementor-element elementor-element-523c654 elementor-widget elementor-widget-heading\" data-id=\"523c654\" data-element_type=\"widget\" data-e-type=\"widget\" data-widget_type=\"heading.default\">\n\t\t\t\t<div class=\"elementor-widget-container\">\n\t\t\t\t\t<h2 class=\"elementor-heading-title elementor-size-default\">Das Konstruieren mit St\u00fcck- und S\u00e4gelisten in TENADO HOLZ spart Theo Jan\u00dfen sp\u00e4ter Arbeitszeit in der Werkstatt<\/h2>\t\t\t\t<\/div>\n\t\t\t\t<\/div>\n\t\t\t\t\t<\/div>\n\t\t\t\t<\/div>\n\t\t<div class=\"elementor-element elementor-element-396e06a e-flex e-con-boxed e-con e-parent\" data-id=\"396e06a\" data-element_type=\"container\" data-e-type=\"container\">\n\t\t\t\t\t<div class=\"e-con-inner\">\n\t\t<div class=\"elementor-element elementor-element-7184504 e-con-full e-flex e-con e-child\" data-id=\"7184504\" data-element_type=\"container\" data-e-type=\"container\">\n\t\t\t\t<div class=\"elementor-element elementor-element-78e92cf elementor-widget elementor-widget-text-editor\" data-id=\"78e92cf\" data-element_type=\"widget\" data-e-type=\"widget\" data-widget_type=\"text-editor.default\">\n\t\t\t\t<div class=\"elementor-widget-container\">\n\t\t\t\t\t\t\t\t\t<p>F\u00fcr die B\u00fcroausstattung im Holzhaus hat der Tischlermeister in TENADO HOLZ vor allem mit Ebenen gearbeitet und sie farbig markiert.<\/p><p>So bleibt auch bei komplexen Konstruktionen deutlich erkennbar, welches Bauteil wohin kommt und welche Einzelteile zusammengeh\u00f6ren. Einzelne Ebenen kann er mit einem Klick ausblenden und so jederzeit hinter die Fronten schauen.<\/p><p>Die praktische Live-Auswertung hilft Theo Jan\u00dfen regelm\u00e4\u00dfig bei der Bestellung, denn auf den St\u00fccklisten sind alle verwendeten Holzarten aufgestellt. Auf der S\u00e4geliste sind zum Beispiel die B\u00f6hrl\u00f6cher genau eingezeichnet. So wei\u00df auch der Auszubildende, wie er Schrankw\u00e4nde f\u00fcr den Zusammenbau vorbereiten kann.<\/p>\t\t\t\t\t\t\t\t<\/div>\n\t\t\t\t<\/div>\n\t\t\t\t<div class=\"elementor-element elementor-element-bd70e09 elementor-widget elementor-widget-image\" data-id=\"bd70e09\" data-element_type=\"widget\" data-e-type=\"widget\" data-widget_type=\"image.default\">\n\t\t\t\t<div class=\"elementor-widget-container\">\n\t\t\t\t\t\t\t\t\t\t\t\t\t\t\t<img loading=\"lazy\" decoding=\"async\" width=\"800\" height=\"451\" src=\"https:\/\/tenado.de\/wp-content\/uploads\/2023\/09\/csm_TENADO-HOLZ-Ausgezeichnet-Tischlerei-Janssen-7-1024x577.webp\" class=\"attachment-large size-large wp-image-13379\" alt=\"\" srcset=\"https:\/\/tenado.de\/wp-content\/uploads\/2023\/09\/csm_TENADO-HOLZ-Ausgezeichnet-Tischlerei-Janssen-7-1024x577.webp 1024w, https:\/\/tenado.de\/wp-content\/uploads\/2023\/09\/csm_TENADO-HOLZ-Ausgezeichnet-Tischlerei-Janssen-7-300x169.webp 300w, https:\/\/tenado.de\/wp-content\/uploads\/2023\/09\/csm_TENADO-HOLZ-Ausgezeichnet-Tischlerei-Janssen-7-768x433.jpg 768w, https:\/\/tenado.de\/wp-content\/uploads\/2023\/09\/csm_TENADO-HOLZ-Ausgezeichnet-Tischlerei-Janssen-7.webp 1280w\" sizes=\"(max-width: 800px) 100vw, 800px\" \/>\t\t\t\t\t\t\t\t\t\t\t\t\t\t\t<\/div>\n\t\t\t\t<\/div>\n\t\t\t\t<div class=\"elementor-element elementor-element-4563c1a elementor-widget elementor-widget-heading\" data-id=\"4563c1a\" data-element_type=\"widget\" data-e-type=\"widget\" data-widget_type=\"heading.default\">\n\t\t\t\t<div class=\"elementor-widget-container\">\n\t\t\t\t\t<h4 class=\"elementor-heading-title elementor-size-default\">\u201eMit TENADO HOLZ kann ich Bauteile da positionieren, wo ich sie brauche und wei\u00df nachher genau, in welcher H\u00f6he ich bohren muss.\u201c Theo Jan\u00dfen<\/h4>\t\t\t\t<\/div>\n\t\t\t\t<\/div>\n\t\t\t\t<\/div>\n\t\t<div class=\"elementor-element elementor-element-76227c7 e-con-full e-flex e-con e-child\" data-id=\"76227c7\" data-element_type=\"container\" data-e-type=\"container\">\n\t\t\t\t<div class=\"elementor-element elementor-element-c85ad53 elementor-widget elementor-widget-image\" data-id=\"c85ad53\" data-element_type=\"widget\" data-e-type=\"widget\" data-widget_type=\"image.default\">\n\t\t\t\t<div class=\"elementor-widget-container\">\n\t\t\t\t\t\t\t\t\t\t\t\t\t\t\t<img loading=\"lazy\" decoding=\"async\" width=\"650\" height=\"1000\" src=\"https:\/\/tenado.de\/wp-content\/uploads\/2023\/09\/TENADO-HOLZ-Ausgezeichnet-Tischlerei-Janssen-8.webp\" class=\"attachment-large size-large wp-image-13381\" alt=\"\" srcset=\"https:\/\/tenado.de\/wp-content\/uploads\/2023\/09\/TENADO-HOLZ-Ausgezeichnet-Tischlerei-Janssen-8.webp 650w, https:\/\/tenado.de\/wp-content\/uploads\/2023\/09\/TENADO-HOLZ-Ausgezeichnet-Tischlerei-Janssen-8-195x300.webp 195w\" sizes=\"(max-width: 650px) 100vw, 650px\" \/>\t\t\t\t\t\t\t\t\t\t\t\t\t\t\t<\/div>\n\t\t\t\t<\/div>\n\t\t\t\t<\/div>\n\t\t\t\t\t<\/div>\n\t\t\t\t<\/div>\n\t\t<div class=\"elementor-element elementor-element-8d1591f e-flex e-con-boxed e-con e-parent\" data-id=\"8d1591f\" data-element_type=\"container\" data-e-type=\"container\">\n\t\t\t\t\t<div class=\"e-con-inner\">\n\t\t<div class=\"elementor-element elementor-element-5917bff e-con-full e-flex e-con e-child\" data-id=\"5917bff\" data-element_type=\"container\" data-e-type=\"container\">\n\t\t\t\t<div class=\"elementor-element elementor-element-931b50f elementor-widget elementor-widget-image\" data-id=\"931b50f\" data-element_type=\"widget\" data-e-type=\"widget\" data-widget_type=\"image.default\">\n\t\t\t\t<div class=\"elementor-widget-container\">\n\t\t\t\t\t\t\t\t\t\t\t\t\t\t\t<img loading=\"lazy\" decoding=\"async\" width=\"640\" height=\"480\" src=\"https:\/\/tenado.de\/wp-content\/uploads\/2023\/09\/csm_TENADO-HOLZ-Kundenstimme-Theo-Janssen.webp\" class=\"attachment-large size-large wp-image-13360\" alt=\"\" srcset=\"https:\/\/tenado.de\/wp-content\/uploads\/2023\/09\/csm_TENADO-HOLZ-Kundenstimme-Theo-Janssen.webp 640w, https:\/\/tenado.de\/wp-content\/uploads\/2023\/09\/csm_TENADO-HOLZ-Kundenstimme-Theo-Janssen-300x225.webp 300w\" sizes=\"(max-width: 640px) 100vw, 640px\" \/>\t\t\t\t\t\t\t\t\t\t\t\t\t\t\t<\/div>\n\t\t\t\t<\/div>\n\t\t\t\t<\/div>\n\t\t<div class=\"elementor-element elementor-element-8fc952b e-con-full e-flex e-con e-child\" data-id=\"8fc952b\" data-element_type=\"container\" data-e-type=\"container\">\n\t\t\t\t<div class=\"elementor-element elementor-element-12bac29 elementor-widget elementor-widget-text-editor\" data-id=\"12bac29\" data-element_type=\"widget\" data-e-type=\"widget\" data-widget_type=\"text-editor.default\">\n\t\t\t\t<div class=\"elementor-widget-container\">\n\t\t\t\t\t\t\t\t\t<p>Ob M\u00f6bel f\u00fcr Gesch\u00e4fts- oder Privatkunden, Projekte von \u00f6ffentlichen Auftraggebern oder Detailarbeiten f\u00fcr sein eigenes Zuhause, Theo Jan\u00dfen ist Tischler mit viel Liebe zum Handwerk. Der Tischlermeister und sein Auszubildender arbeiten in einer Werkstatt im niederrheinischen Uedem an Einbauschr\u00e4nken, Treppen, B\u00fcroausstattungen oder einzigartigen Sonderw\u00fcnschen.<\/p><p>\u201eDas Sch\u00f6ne am Beruf ist, dass man unheimlich kreativ sein kann.\u201c Theo Jan\u00dfen<br \/>Theo Jan\u00dfen stammt aus einer Handwerksfamilie, schon seine Eltern hatten einen eigenen Betrieb. Nach der Ausbildung arbeitete er in verschiedenen Betrieben und machte 2002 seinen Meister.<\/p>\t\t\t\t\t\t\t\t<\/div>\n\t\t\t\t<\/div>\n\t\t\t\t<\/div>\n\t\t\t\t\t<\/div>\n\t\t\t\t<\/div>\n\t\t<div class=\"elementor-element elementor-element-0ef12a0 e-con-full e-flex e-con e-parent\" data-id=\"0ef12a0\" data-element_type=\"container\" data-e-type=\"container\">\n\t\t\t\t<div class=\"elementor-element elementor-element-b43c983 elementor-widget elementor-widget-shortcode\" data-id=\"b43c983\" data-element_type=\"widget\" data-e-type=\"widget\" data-widget_type=\"shortcode.default\">\n\t\t\t\t<div class=\"elementor-widget-container\">\n\t\t\t\t\t\t\t<div class=\"elementor-shortcode\">\t\t<div data-elementor-type=\"section\" data-elementor-id=\"13147\" class=\"elementor elementor-13147 elementor-6031 elementor-6031\" data-elementor-post-type=\"elementor_library\">\n\t\t\t<div class=\"elementor-element elementor-element-391ef02 e-con-full e-flex e-con e-parent\" data-id=\"391ef02\" data-element_type=\"container\" data-e-type=\"container\" data-settings=\"{&quot;background_background&quot;:&quot;classic&quot;}\">\n\t\t<div class=\"elementor-element elementor-element-23ba663 e-con-full e-flex e-con e-child\" data-id=\"23ba663\" data-element_type=\"container\" data-e-type=\"container\">\n\t\t\t\t<div class=\"elementor-element elementor-element-6738f0f elementor-widget elementor-widget-heading\" data-id=\"6738f0f\" data-element_type=\"widget\" data-e-type=\"widget\" data-widget_type=\"heading.default\">\n\t\t\t\t<div class=\"elementor-widget-container\">\n\t\t\t\t\t<h2 class=\"elementor-heading-title elementor-size-default\">Verbinden Sie sich mit uns<\/h2>\t\t\t\t<\/div>\n\t\t\t\t<\/div>\n\t\t\t\t<div class=\"elementor-element elementor-element-2a2806d elementor-widget elementor-widget-heading\" data-id=\"2a2806d\" data-element_type=\"widget\" data-e-type=\"widget\" data-widget_type=\"heading.default\">\n\t\t\t\t<div class=\"elementor-widget-container\">\n\t\t\t\t\t<h3 class=\"elementor-heading-title elementor-size-default\">Sind Sie bereit, den Wandel Ihres Unternehmens voranzutreiben?<\/h3>\t\t\t\t<\/div>\n\t\t\t\t<\/div>\n\t\t\t\t<div class=\"elementor-element elementor-element-1e29e0a elementor-align-center diamond-btn-light-blue elementor-widget elementor-widget-button\" data-id=\"1e29e0a\" data-element_type=\"widget\" data-e-type=\"widget\" data-widget_type=\"button.default\">\n\t\t\t\t<div class=\"elementor-widget-container\">\n\t\t\t\t\t\t\t\t\t<div class=\"elementor-button-wrapper\">\n\t\t\t\t\t<a class=\"elementor-button elementor-button-link elementor-size-sm\" href=\"https:\/\/tenado.de\/de\/vereinbaren-sie-eine-demo\/\">\n\t\t\t\t\t\t<span class=\"elementor-button-content-wrapper\">\n\t\t\t\t\t\t\t\t\t<span class=\"elementor-button-text\">Kontakt aufnehmen<\/span>\n\t\t\t\t\t<\/span>\n\t\t\t\t\t<\/a>\n\t\t\t\t<\/div>\n\t\t\t\t\t\t\t\t<\/div>\n\t\t\t\t<\/div>\n\t\t\t\t<\/div>\n\t\t\t\t<\/div>\n\t\t\t\t<\/div>\n\t\t<\/div>\n\t\t\t\t\t\t<\/div>\n\t\t\t\t<\/div>\n\t\t\t\t<\/div>\n\t\t\t\t<\/div>\n\t\t","protected":false},"excerpt":{"rendered":"<p>Kreative B\u00fcroausstattung mit Leidenschaft f\u00fcr Holz Theo Jan\u00dfen ist seit mehr als 20 Jahren Tischler. Seinen eigenen Betrieb hat er seit 15 Jahren. Die Arbeit mit Holz ist f\u00fcr ihn eine kreative Angelegenheit, verbunden mit viel Leidenschaft f\u00fcr den Werkstoff. Der Tischlermeister freut sich \u00fcber Herausforderungen, Einbauschr\u00e4nke unter kniffligen Dachschr\u00e4gen oder in ungleichm\u00e4\u00dfigen Nischen. Vielf\u00e4ltigkeit [&hellip;]<\/p>\n","protected":false},"author":16,"featured_media":13360,"comment_status":"closed","ping_status":"open","sticky":false,"template":"","format":"standard","meta":{"content-type":"","inline_featured_image":false,"footnotes":""},"categories":[171],"tags":[],"class_list":["post-13359","post","type-post","status-publish","format-standard","has-post-thumbnail","hentry","category-tenado-holz-2"],"yoast_head":"<!-- This site is optimized with the Yoast SEO plugin v27.5 - https:\/\/yoast.com\/product\/yoast-seo-wordpress\/ -->\n<title>Tischlerwerkstatt Jan\u00dfen | TENADO<\/title>\n<meta name=\"description\" content=\"Kreative B\u00fcroausstattung mit Leidenschaft f\u00fcr Holz\" \/>\n<meta name=\"robots\" content=\"index, follow, max-snippet:-1, max-image-preview:large, max-video-preview:-1\" \/>\n<link rel=\"canonical\" href=\"https:\/\/tenado.de\/de\/tischlerwerkstatt-janssen\/\" \/>\n<meta property=\"og:locale\" content=\"de_DE\" \/>\n<meta property=\"og:type\" content=\"article\" \/>\n<meta property=\"og:title\" content=\"Tischlerwerkstatt Jan\u00dfen | TENADO\" \/>\n<meta property=\"og:description\" content=\"Kreative B\u00fcroausstattung mit Leidenschaft f\u00fcr Holz\" \/>\n<meta property=\"og:url\" content=\"https:\/\/tenado.de\/de\/tischlerwerkstatt-janssen\/\" \/>\n<meta property=\"og:site_name\" content=\"TENADO\" \/>\n<meta property=\"article:publisher\" content=\"https:\/\/www.facebook.com\/revalize\/\" \/>\n<meta property=\"article:published_time\" content=\"2023-09-29T12:06:07+00:00\" \/>\n<meta property=\"article:modified_time\" content=\"2025-09-04T10:55:38+00:00\" \/>\n<meta property=\"og:image\" content=\"https:\/\/tenado.de\/wp-content\/uploads\/2023\/09\/csm_TENADO-HOLZ-Kundenstimme-Theo-Janssen.webp\" \/>\n\t<meta property=\"og:image:width\" content=\"640\" \/>\n\t<meta property=\"og:image:height\" content=\"480\" \/>\n\t<meta property=\"og:image:type\" content=\"image\/webp\" \/>\n<meta name=\"author\" content=\"Testimonials\" \/>\n<meta name=\"twitter:card\" content=\"summary_large_image\" \/>\n<meta name=\"twitter:creator\" content=\"@revalize\" \/>\n<meta name=\"twitter:site\" content=\"@revalize\" \/>\n<meta name=\"twitter:label1\" content=\"Verfasst von\" \/>\n\t<meta name=\"twitter:data1\" content=\"Testimonials\" \/>\n\t<meta name=\"twitter:label2\" content=\"Gesch\u00e4tzte Lesezeit\" \/>\n\t<meta name=\"twitter:data2\" content=\"5\u00a0Minuten\" \/>\n<script type=\"application\/ld+json\" class=\"yoast-schema-graph\">{\"@context\":\"https:\\\/\\\/schema.org\",\"@graph\":[{\"@type\":\"Article\",\"@id\":\"https:\\\/\\\/tenado.de\\\/de\\\/tischlerwerkstatt-janssen\\\/#article\",\"isPartOf\":{\"@id\":\"https:\\\/\\\/tenado.de\\\/de\\\/tischlerwerkstatt-janssen\\\/\"},\"author\":{\"name\":\"Testimonials\",\"@id\":\"https:\\\/\\\/tenado.de\\\/de\\\/#\\\/schema\\\/person\\\/9da21f2c1785ba86720bfe719c0261c6\"},\"headline\":\"Tischlerwerkstatt Jan\u00dfen\",\"datePublished\":\"2023-09-29T12:06:07+00:00\",\"dateModified\":\"2025-09-04T10:55:38+00:00\",\"mainEntityOfPage\":{\"@id\":\"https:\\\/\\\/tenado.de\\\/de\\\/tischlerwerkstatt-janssen\\\/\"},\"wordCount\":599,\"publisher\":{\"@id\":\"https:\\\/\\\/tenado.de\\\/de\\\/#organization\"},\"image\":{\"@id\":\"https:\\\/\\\/tenado.de\\\/de\\\/tischlerwerkstatt-janssen\\\/#primaryimage\"},\"thumbnailUrl\":\"https:\\\/\\\/tenado.de\\\/wp-content\\\/uploads\\\/2023\\\/09\\\/csm_TENADO-HOLZ-Kundenstimme-Theo-Janssen.webp\",\"articleSection\":[\"TENADO HOLZ\"],\"inLanguage\":\"de\"},{\"@type\":\"WebPage\",\"@id\":\"https:\\\/\\\/tenado.de\\\/de\\\/tischlerwerkstatt-janssen\\\/\",\"url\":\"https:\\\/\\\/tenado.de\\\/de\\\/tischlerwerkstatt-janssen\\\/\",\"name\":\"Tischlerwerkstatt Jan\u00dfen | TENADO\",\"isPartOf\":{\"@id\":\"https:\\\/\\\/tenado.de\\\/de\\\/#website\"},\"primaryImageOfPage\":{\"@id\":\"https:\\\/\\\/tenado.de\\\/de\\\/tischlerwerkstatt-janssen\\\/#primaryimage\"},\"image\":{\"@id\":\"https:\\\/\\\/tenado.de\\\/de\\\/tischlerwerkstatt-janssen\\\/#primaryimage\"},\"thumbnailUrl\":\"https:\\\/\\\/tenado.de\\\/wp-content\\\/uploads\\\/2023\\\/09\\\/csm_TENADO-HOLZ-Kundenstimme-Theo-Janssen.webp\",\"datePublished\":\"2023-09-29T12:06:07+00:00\",\"dateModified\":\"2025-09-04T10:55:38+00:00\",\"description\":\"Kreative B\u00fcroausstattung mit Leidenschaft f\u00fcr Holz\",\"breadcrumb\":{\"@id\":\"https:\\\/\\\/tenado.de\\\/de\\\/tischlerwerkstatt-janssen\\\/#breadcrumb\"},\"inLanguage\":\"de\",\"potentialAction\":[{\"@type\":\"ReadAction\",\"target\":[\"https:\\\/\\\/tenado.de\\\/de\\\/tischlerwerkstatt-janssen\\\/\"]}]},{\"@type\":\"ImageObject\",\"inLanguage\":\"de\",\"@id\":\"https:\\\/\\\/tenado.de\\\/de\\\/tischlerwerkstatt-janssen\\\/#primaryimage\",\"url\":\"https:\\\/\\\/tenado.de\\\/wp-content\\\/uploads\\\/2023\\\/09\\\/csm_TENADO-HOLZ-Kundenstimme-Theo-Janssen.webp\",\"contentUrl\":\"https:\\\/\\\/tenado.de\\\/wp-content\\\/uploads\\\/2023\\\/09\\\/csm_TENADO-HOLZ-Kundenstimme-Theo-Janssen.webp\",\"width\":640,\"height\":480},{\"@type\":\"BreadcrumbList\",\"@id\":\"https:\\\/\\\/tenado.de\\\/de\\\/tischlerwerkstatt-janssen\\\/#breadcrumb\",\"itemListElement\":[{\"@type\":\"ListItem\",\"position\":1,\"name\":\"Home\",\"item\":\"https:\\\/\\\/tenado.de\\\/de\\\/\"},{\"@type\":\"ListItem\",\"position\":2,\"name\":\"Tischlerwerkstatt Jan\u00dfen\"}]},{\"@type\":\"WebSite\",\"@id\":\"https:\\\/\\\/tenado.de\\\/de\\\/#website\",\"url\":\"https:\\\/\\\/tenado.de\\\/de\\\/\",\"name\":\"TENADO\",\"description\":\"Great Starts With\",\"publisher\":{\"@id\":\"https:\\\/\\\/tenado.de\\\/de\\\/#organization\"},\"potentialAction\":[{\"@type\":\"SearchAction\",\"target\":{\"@type\":\"EntryPoint\",\"urlTemplate\":\"https:\\\/\\\/tenado.de\\\/de\\\/?s={search_term_string}\"},\"query-input\":{\"@type\":\"PropertyValueSpecification\",\"valueRequired\":true,\"valueName\":\"search_term_string\"}}],\"inLanguage\":\"de\"},{\"@type\":\"Organization\",\"@id\":\"https:\\\/\\\/tenado.de\\\/de\\\/#organization\",\"name\":\"TENADO\",\"url\":\"https:\\\/\\\/tenado.de\\\/de\\\/\",\"logo\":{\"@type\":\"ImageObject\",\"inLanguage\":\"de\",\"@id\":\"https:\\\/\\\/tenado.de\\\/de\\\/#\\\/schema\\\/logo\\\/image\\\/\",\"url\":\"https:\\\/\\\/tenado.de\\\/wp-content\\\/uploads\\\/2023\\\/05\\\/TENADO-From-Revalize-logo.png\",\"contentUrl\":\"https:\\\/\\\/tenado.de\\\/wp-content\\\/uploads\\\/2023\\\/05\\\/TENADO-From-Revalize-logo.png\",\"width\":640,\"height\":156,\"caption\":\"TENADO\"},\"image\":{\"@id\":\"https:\\\/\\\/tenado.de\\\/de\\\/#\\\/schema\\\/logo\\\/image\\\/\"},\"sameAs\":[\"https:\\\/\\\/www.facebook.com\\\/revalize\\\/\",\"https:\\\/\\\/x.com\\\/revalize\",\"https:\\\/\\\/www.linkedin.com\\\/company\\\/revalize\\\/\"]},{\"@type\":\"Person\",\"@id\":\"https:\\\/\\\/tenado.de\\\/de\\\/#\\\/schema\\\/person\\\/9da21f2c1785ba86720bfe719c0261c6\",\"name\":\"Testimonials\",\"url\":\"https:\\\/\\\/tenado.de\\\/de\\\/author\\\/testimonials\\\/\"}]}<\/script>\n<!-- \/ Yoast SEO plugin. -->","yoast_head_json":{"title":"Tischlerwerkstatt Jan\u00dfen | TENADO","description":"Kreative B\u00fcroausstattung mit Leidenschaft f\u00fcr Holz","robots":{"index":"index","follow":"follow","max-snippet":"max-snippet:-1","max-image-preview":"max-image-preview:large","max-video-preview":"max-video-preview:-1"},"canonical":"https:\/\/tenado.de\/de\/tischlerwerkstatt-janssen\/","og_locale":"de_DE","og_type":"article","og_title":"Tischlerwerkstatt Jan\u00dfen | TENADO","og_description":"Kreative B\u00fcroausstattung mit Leidenschaft f\u00fcr Holz","og_url":"https:\/\/tenado.de\/de\/tischlerwerkstatt-janssen\/","og_site_name":"TENADO","article_publisher":"https:\/\/www.facebook.com\/revalize\/","article_published_time":"2023-09-29T12:06:07+00:00","article_modified_time":"2025-09-04T10:55:38+00:00","og_image":[{"width":640,"height":480,"url":"https:\/\/tenado.de\/wp-content\/uploads\/2023\/09\/csm_TENADO-HOLZ-Kundenstimme-Theo-Janssen.webp","type":"image\/webp"}],"author":"Testimonials","twitter_card":"summary_large_image","twitter_creator":"@revalize","twitter_site":"@revalize","twitter_misc":{"Verfasst von":"Testimonials","Gesch\u00e4tzte Lesezeit":"5\u00a0Minuten"},"schema":{"@context":"https:\/\/schema.org","@graph":[{"@type":"Article","@id":"https:\/\/tenado.de\/de\/tischlerwerkstatt-janssen\/#article","isPartOf":{"@id":"https:\/\/tenado.de\/de\/tischlerwerkstatt-janssen\/"},"author":{"name":"Testimonials","@id":"https:\/\/tenado.de\/de\/#\/schema\/person\/9da21f2c1785ba86720bfe719c0261c6"},"headline":"Tischlerwerkstatt Jan\u00dfen","datePublished":"2023-09-29T12:06:07+00:00","dateModified":"2025-09-04T10:55:38+00:00","mainEntityOfPage":{"@id":"https:\/\/tenado.de\/de\/tischlerwerkstatt-janssen\/"},"wordCount":599,"publisher":{"@id":"https:\/\/tenado.de\/de\/#organization"},"image":{"@id":"https:\/\/tenado.de\/de\/tischlerwerkstatt-janssen\/#primaryimage"},"thumbnailUrl":"https:\/\/tenado.de\/wp-content\/uploads\/2023\/09\/csm_TENADO-HOLZ-Kundenstimme-Theo-Janssen.webp","articleSection":["TENADO HOLZ"],"inLanguage":"de"},{"@type":"WebPage","@id":"https:\/\/tenado.de\/de\/tischlerwerkstatt-janssen\/","url":"https:\/\/tenado.de\/de\/tischlerwerkstatt-janssen\/","name":"Tischlerwerkstatt Jan\u00dfen | TENADO","isPartOf":{"@id":"https:\/\/tenado.de\/de\/#website"},"primaryImageOfPage":{"@id":"https:\/\/tenado.de\/de\/tischlerwerkstatt-janssen\/#primaryimage"},"image":{"@id":"https:\/\/tenado.de\/de\/tischlerwerkstatt-janssen\/#primaryimage"},"thumbnailUrl":"https:\/\/tenado.de\/wp-content\/uploads\/2023\/09\/csm_TENADO-HOLZ-Kundenstimme-Theo-Janssen.webp","datePublished":"2023-09-29T12:06:07+00:00","dateModified":"2025-09-04T10:55:38+00:00","description":"Kreative B\u00fcroausstattung mit Leidenschaft f\u00fcr Holz","breadcrumb":{"@id":"https:\/\/tenado.de\/de\/tischlerwerkstatt-janssen\/#breadcrumb"},"inLanguage":"de","potentialAction":[{"@type":"ReadAction","target":["https:\/\/tenado.de\/de\/tischlerwerkstatt-janssen\/"]}]},{"@type":"ImageObject","inLanguage":"de","@id":"https:\/\/tenado.de\/de\/tischlerwerkstatt-janssen\/#primaryimage","url":"https:\/\/tenado.de\/wp-content\/uploads\/2023\/09\/csm_TENADO-HOLZ-Kundenstimme-Theo-Janssen.webp","contentUrl":"https:\/\/tenado.de\/wp-content\/uploads\/2023\/09\/csm_TENADO-HOLZ-Kundenstimme-Theo-Janssen.webp","width":640,"height":480},{"@type":"BreadcrumbList","@id":"https:\/\/tenado.de\/de\/tischlerwerkstatt-janssen\/#breadcrumb","itemListElement":[{"@type":"ListItem","position":1,"name":"Home","item":"https:\/\/tenado.de\/de\/"},{"@type":"ListItem","position":2,"name":"Tischlerwerkstatt Jan\u00dfen"}]},{"@type":"WebSite","@id":"https:\/\/tenado.de\/de\/#website","url":"https:\/\/tenado.de\/de\/","name":"TENADO","description":"Great Starts With","publisher":{"@id":"https:\/\/tenado.de\/de\/#organization"},"potentialAction":[{"@type":"SearchAction","target":{"@type":"EntryPoint","urlTemplate":"https:\/\/tenado.de\/de\/?s={search_term_string}"},"query-input":{"@type":"PropertyValueSpecification","valueRequired":true,"valueName":"search_term_string"}}],"inLanguage":"de"},{"@type":"Organization","@id":"https:\/\/tenado.de\/de\/#organization","name":"TENADO","url":"https:\/\/tenado.de\/de\/","logo":{"@type":"ImageObject","inLanguage":"de","@id":"https:\/\/tenado.de\/de\/#\/schema\/logo\/image\/","url":"https:\/\/tenado.de\/wp-content\/uploads\/2023\/05\/TENADO-From-Revalize-logo.png","contentUrl":"https:\/\/tenado.de\/wp-content\/uploads\/2023\/05\/TENADO-From-Revalize-logo.png","width":640,"height":156,"caption":"TENADO"},"image":{"@id":"https:\/\/tenado.de\/de\/#\/schema\/logo\/image\/"},"sameAs":["https:\/\/www.facebook.com\/revalize\/","https:\/\/x.com\/revalize","https:\/\/www.linkedin.com\/company\/revalize\/"]},{"@type":"Person","@id":"https:\/\/tenado.de\/de\/#\/schema\/person\/9da21f2c1785ba86720bfe719c0261c6","name":"Testimonials","url":"https:\/\/tenado.de\/de\/author\/testimonials\/"}]}},"_links":{"self":[{"href":"https:\/\/tenado.de\/de\/wp-json\/wp\/v2\/posts\/13359","targetHints":{"allow":["GET"]}}],"collection":[{"href":"https:\/\/tenado.de\/de\/wp-json\/wp\/v2\/posts"}],"about":[{"href":"https:\/\/tenado.de\/de\/wp-json\/wp\/v2\/types\/post"}],"author":[{"embeddable":true,"href":"https:\/\/tenado.de\/de\/wp-json\/wp\/v2\/users\/16"}],"replies":[{"embeddable":true,"href":"https:\/\/tenado.de\/de\/wp-json\/wp\/v2\/comments?post=13359"}],"version-history":[{"count":0,"href":"https:\/\/tenado.de\/de\/wp-json\/wp\/v2\/posts\/13359\/revisions"}],"wp:featuredmedia":[{"embeddable":true,"href":"https:\/\/tenado.de\/de\/wp-json\/wp\/v2\/media\/13360"}],"wp:attachment":[{"href":"https:\/\/tenado.de\/de\/wp-json\/wp\/v2\/media?parent=13359"}],"wp:term":[{"taxonomy":"category","embeddable":true,"href":"https:\/\/tenado.de\/de\/wp-json\/wp\/v2\/categories?post=13359"},{"taxonomy":"post_tag","embeddable":true,"href":"https:\/\/tenado.de\/de\/wp-json\/wp\/v2\/tags?post=13359"}],"curies":[{"name":"wp","href":"https:\/\/api.w.org\/{rel}","templated":true}]}}