{"id":11950,"date":"2023-05-18T15:47:27","date_gmt":"2023-05-18T13:47:27","guid":{"rendered":"https:\/\/tenado.de\/refratechnik-ceramics-gmbh\/"},"modified":"2025-09-04T12:58:12","modified_gmt":"2025-09-04T10:58:12","slug":"refratechnik-ceramics-gmbh","status":"publish","type":"post","link":"https:\/\/tenado.de\/de\/refratechnik-ceramics-gmbh\/","title":{"rendered":"Refratechnik Ceramics GmbH"},"content":{"rendered":"\t\t<div data-elementor-type=\"wp-post\" data-elementor-id=\"11950\" class=\"elementor elementor-11950 elementor-11766\" data-elementor-post-type=\"post\">\n\t\t\t\t<div class=\"elementor-element elementor-element-8671e7a e-flex e-con-boxed e-con e-parent\" data-id=\"8671e7a\" data-element_type=\"container\" data-e-type=\"container\">\n\t\t\t\t\t<div class=\"e-con-inner\">\n\t\t\t\t<div class=\"elementor-element elementor-element-dea9037 elementor-widget elementor-widget-heading\" data-id=\"dea9037\" data-element_type=\"widget\" data-e-type=\"widget\" data-widget_type=\"heading.default\">\n\t\t\t\t<div class=\"elementor-widget-container\">\n\t\t\t\t\t<h2 class=\"elementor-heading-title elementor-size-default\">Ausflug zu den Hochtemperatur-Profis<\/h2>\t\t\t\t<\/div>\n\t\t\t\t<\/div>\n\t\t\t\t<div class=\"elementor-element elementor-element-96c5a47 elementor-widget elementor-widget-text-editor\" data-id=\"96c5a47\" data-element_type=\"widget\" data-e-type=\"widget\" data-widget_type=\"text-editor.default\">\n\t\t\t\t<div class=\"elementor-widget-container\">\n\t\t\t\t\t\t\t\t\t23.000 m\u00b2 Fl\u00e4che, ca. 260 Besch\u00e4ftigte und viel zu tun in Sachen vorbeugender Brandschutz: Die Refratechnik Ceramics GmbH vertraut auf TENADO PROTECT, um schnell und normgerecht zu arbeiten.\t\t\t\t\t\t\t\t<\/div>\n\t\t\t\t<\/div>\n\t\t\t\t\t<\/div>\n\t\t\t\t<\/div>\n\t\t<div class=\"elementor-element elementor-element-e7e649e e-flex e-con-boxed e-con e-parent\" data-id=\"e7e649e\" data-element_type=\"container\" data-e-type=\"container\">\n\t\t\t\t\t<div class=\"e-con-inner\">\n\t\t\t\t<div class=\"elementor-element elementor-element-834567d elementor-widget elementor-widget-heading\" data-id=\"834567d\" data-element_type=\"widget\" data-e-type=\"widget\" data-widget_type=\"heading.default\">\n\t\t\t\t<div class=\"elementor-widget-container\">\n\t\t\t\t\t<h2 class=\"elementor-heading-title elementor-size-default\">Sicherheit im gro\u00dfen Ma\u00dfstab<\/h2>\t\t\t\t<\/div>\n\t\t\t\t<\/div>\n\t\t\t\t<div class=\"elementor-element elementor-element-6a056ed elementor-widget elementor-widget-text-editor\" data-id=\"6a056ed\" data-element_type=\"widget\" data-e-type=\"widget\" data-widget_type=\"text-editor.default\">\n\t\t\t\t<div class=\"elementor-widget-container\">\n\t\t\t\t\t\t\t\t\tDie Refratechnik Ceramics GmbH ist Teil der globalen Refratechnik Gruppe. Sie entwickelt, produziert und vertreibt Feuerfestmaterialien f\u00fcr Hochtemperaturprozesse. Die speziell gefertigten, feuerfesten Steine werden in allen wichtigen Industrien verwendet. Dort hergestellte Erzeugnisse bilden die Grundlage f\u00fcr die Zement-, Stahl- und Glasherstellung sowie f\u00fcr Aluminium- und Keramikprodukte. Die Produktionsst\u00e4tte bei Melle hat eine Fl\u00e4che von rund 23.000 m\u00b2. Etwa 260 Besch\u00e4ftigte gehen hier ihrer t\u00e4glichen Arbeit nach. Ein Werk dieser Gr\u00f6\u00dfenordnung erfordert eine umsichtige Brandschutzplanung, damit im Notfall die Sicherheit aller Mitarbeiter gew\u00e4hrleistet ist. F\u00fcr die Erstellung und Modifikation der Brandschutzpl\u00e4ne vertraut das Unternehmen seit 2017 auf TENADO PROTECT.\t\t\t\t\t\t\t\t<\/div>\n\t\t\t\t<\/div>\n\t\t\t\t\t<\/div>\n\t\t\t\t<\/div>\n\t\t<div class=\"elementor-element elementor-element-6ca1843 e-flex e-con-boxed e-con e-parent\" data-id=\"6ca1843\" data-element_type=\"container\" data-e-type=\"container\">\n\t\t\t\t\t<div class=\"e-con-inner\">\n\t\t<div class=\"elementor-element elementor-element-3fa615f e-con-full e-flex e-con e-child\" data-id=\"3fa615f\" data-element_type=\"container\" data-e-type=\"container\">\n\t\t\t\t<div class=\"elementor-element elementor-element-70035d9 elementor-widget elementor-widget-heading\" data-id=\"70035d9\" data-element_type=\"widget\" data-e-type=\"widget\" data-widget_type=\"heading.default\">\n\t\t\t\t<div class=\"elementor-widget-container\">\n\t\t\t\t\t<h2 class=\"elementor-heading-title elementor-size-default\">\u201eTENADO PROTECT hat einiges ver\u00e4ndert\u201c\n<\/h2>\t\t\t\t<\/div>\n\t\t\t\t<\/div>\n\t\t\t\t<\/div>\n\t\t<div class=\"elementor-element elementor-element-ecd6f17 e-con-full e-flex e-con e-child\" data-id=\"ecd6f17\" data-element_type=\"container\" data-e-type=\"container\">\n\t\t\t\t<div class=\"elementor-element elementor-element-33b62d3 elementor-widget elementor-widget-image\" data-id=\"33b62d3\" data-element_type=\"widget\" data-e-type=\"widget\" data-widget_type=\"image.default\">\n\t\t\t\t<div class=\"elementor-widget-container\">\n\t\t\t\t\t\t\t\t\t\t\t\t\t\t\t<img fetchpriority=\"high\" decoding=\"async\" width=\"800\" height=\"566\" src=\"https:\/\/tenado.de\/wp-content\/uploads\/2023\/05\/testimonial-Refratechnik-Ceramics-1-1024x725.webp\" class=\"attachment-large size-large wp-image-11771\" alt=\"\" srcset=\"https:\/\/tenado.de\/wp-content\/uploads\/2023\/05\/testimonial-Refratechnik-Ceramics-1-1024x725.webp 1024w, https:\/\/tenado.de\/wp-content\/uploads\/2023\/05\/testimonial-Refratechnik-Ceramics-1-300x212.webp 300w, https:\/\/tenado.de\/wp-content\/uploads\/2023\/05\/testimonial-Refratechnik-Ceramics-1-768x544.jpg 768w, https:\/\/tenado.de\/wp-content\/uploads\/2023\/05\/testimonial-Refratechnik-Ceramics-1.webp 1280w\" sizes=\"(max-width: 800px) 100vw, 800px\" \/>\t\t\t\t\t\t\t\t\t\t\t\t\t\t\t<\/div>\n\t\t\t\t<\/div>\n\t\t\t\t<\/div>\n\t\t<div class=\"elementor-element elementor-element-e958de7 e-con-full e-flex e-con e-child\" data-id=\"e958de7\" data-element_type=\"container\" data-e-type=\"container\">\n\t\t\t\t<div class=\"elementor-element elementor-element-2399239 elementor-widget elementor-widget-text-editor\" data-id=\"2399239\" data-element_type=\"widget\" data-e-type=\"widget\" data-widget_type=\"text-editor.default\">\n\t\t\t\t<div class=\"elementor-widget-container\">\n\t\t\t\t\t\t\t\t\tF\u00fcr die Brandschutz-Experten Frank Peters und Uwe K\u00fchte ist TENADO PROTECT die erste, eigens f\u00fcr den organisatorischen Brandschutz entwickelte Softwarel\u00f6sung, welche bei der Refratechnik Ceramics zum Einsatz kommt. \u201eIch bin in unserem Hause unter anderem f\u00fcr die technische Konstruktion verantwortlich,\u201c berichtet Frank Peters. \u201eWenn eine unserer Maschinen beispielsweise ein neues Bauteil ben\u00f6tigt, zeichne ich dieses am Computer. Das CAD-Programm, dass ich hierf\u00fcr nutze, war f\u00fcr den organisatorischen Brandschutz selbstverst\u00e4ndlich ungeeignet. Trotzdem haben wir einige Zeit damit gearbeitet, um die Brandschutzpl\u00e4ne anzupassen. Das war ziemlich umst\u00e4ndlich. Der Umstieg auf eine professionelle Software hat einiges ver\u00e4ndert.\u201c\t\t\t\t\t\t\t\t<\/div>\n\t\t\t\t<\/div>\n\t\t\t\t<\/div>\n\t\t\t\t\t<\/div>\n\t\t\t\t<\/div>\n\t\t<div class=\"elementor-element elementor-element-464a7dd e-flex e-con-boxed e-con e-parent\" data-id=\"464a7dd\" data-element_type=\"container\" data-e-type=\"container\">\n\t\t\t\t\t<div class=\"e-con-inner\">\n\t\t<div class=\"elementor-element elementor-element-bdcd26d e-con-full e-flex e-con e-child\" data-id=\"bdcd26d\" data-element_type=\"container\" data-e-type=\"container\">\n\t\t\t\t<div class=\"elementor-element elementor-element-9683bcb elementor-widget elementor-widget-heading\" data-id=\"9683bcb\" data-element_type=\"widget\" data-e-type=\"widget\" data-widget_type=\"heading.default\">\n\t\t\t\t<div class=\"elementor-widget-container\">\n\t\t\t\t\t<h2 class=\"elementor-heading-title elementor-size-default\">Bestandspl\u00e4ne schnell &amp; einfach \u00fcberarbeiten<\/h2>\t\t\t\t<\/div>\n\t\t\t\t<\/div>\n\t\t\t\t<div class=\"elementor-element elementor-element-57e6128 elementor-widget elementor-widget-text-editor\" data-id=\"57e6128\" data-element_type=\"widget\" data-e-type=\"widget\" data-widget_type=\"text-editor.default\">\n\t\t\t\t<div class=\"elementor-widget-container\">\n\t\t\t\t\t\t\t\t\tDie Zusammenarbeit mit TENADO entstand laut Uwe K\u00fchte ganz klassisch: \u201cIch nehme jedes Jahr an den VdS-BrandSchutzTagen in K\u00f6ln teil. In der angrenzenden Ausstellung bin ich mit TENADO Mitarbeitern ins Gespr\u00e4ch gekommen. Die Beschreibung der Software hat uns neugierig gemacht, sodass wir uns n\u00e4her informiert haben. Wir befanden uns zu diesem Zeitpunkt gerade im Aufbau einer Brandmeldeanlage. TENADO PROTECT sah unkompliziert aus und schien bestens f\u00fcr unsere Anforderungen geeignet. Deshalb haben wir uns f\u00fcr die Anschaffung entschieden. Neben der Brandmeldeanlage planen wir mit dem Programm Lauf-, Flucht- und Rettungswege und erstellen die entsprechenden Pl\u00e4ne. Gibt es Umbauma\u00dfnahmen, nutzen wir die Software ebenfalls, da die meisten Bestandspl\u00e4ne veraltet sind. Wir bereiten diese jetzt Schritt f\u00fcr Schritt auf und k\u00f6nnen dann in Zukunft weitaus besser reagieren.\u201c\t\t\t\t\t\t\t\t<\/div>\n\t\t\t\t<\/div>\n\t\t\t\t<\/div>\n\t\t<div class=\"elementor-element elementor-element-1cd0edc e-con-full e-flex e-con e-child\" data-id=\"1cd0edc\" data-element_type=\"container\" data-e-type=\"container\">\n\t\t\t\t<div class=\"elementor-element elementor-element-998e795 elementor-widget elementor-widget-image\" data-id=\"998e795\" data-element_type=\"widget\" data-e-type=\"widget\" data-widget_type=\"image.default\">\n\t\t\t\t<div class=\"elementor-widget-container\">\n\t\t\t\t\t\t\t\t\t\t\t\t\t\t\t<img decoding=\"async\" width=\"800\" height=\"949\" src=\"https:\/\/tenado.de\/wp-content\/uploads\/2023\/05\/testimonial-Refratechnik-Ceramics-2-863x1024.webp\" class=\"attachment-large size-large wp-image-11773\" alt=\"\" srcset=\"https:\/\/tenado.de\/wp-content\/uploads\/2023\/05\/testimonial-Refratechnik-Ceramics-2-863x1024.webp 863w, https:\/\/tenado.de\/wp-content\/uploads\/2023\/05\/testimonial-Refratechnik-Ceramics-2-253x300.webp 253w, https:\/\/tenado.de\/wp-content\/uploads\/2023\/05\/testimonial-Refratechnik-Ceramics-2-768x911.jpg 768w, https:\/\/tenado.de\/wp-content\/uploads\/2023\/05\/testimonial-Refratechnik-Ceramics-2.webp 1280w\" sizes=\"(max-width: 800px) 100vw, 800px\" \/>\t\t\t\t\t\t\t\t\t\t\t\t\t\t\t<\/div>\n\t\t\t\t<\/div>\n\t\t\t\t<\/div>\n\t\t\t\t\t<\/div>\n\t\t\t\t<\/div>\n\t\t<div class=\"elementor-element elementor-element-605e3b7 e-flex e-con-boxed e-con e-parent\" data-id=\"605e3b7\" data-element_type=\"container\" data-e-type=\"container\">\n\t\t\t\t\t<div class=\"e-con-inner\">\n\t\t\t\t<div class=\"elementor-element elementor-element-c4141bc elementor-widget elementor-widget-heading\" data-id=\"c4141bc\" data-element_type=\"widget\" data-e-type=\"widget\" data-widget_type=\"heading.default\">\n\t\t\t\t<div class=\"elementor-widget-container\">\n\t\t\t\t\t<h2 class=\"elementor-heading-title elementor-size-default\">Einfache Umsetzung<\/h2>\t\t\t\t<\/div>\n\t\t\t\t<\/div>\n\t\t\t\t<div class=\"elementor-element elementor-element-3b8042e elementor-widget elementor-widget-text-editor\" data-id=\"3b8042e\" data-element_type=\"widget\" data-e-type=\"widget\" data-widget_type=\"text-editor.default\">\n\t\t\t\t<div class=\"elementor-widget-container\">\n\t\t\t\t\t\t\t\t\tAuf die Frage, welche Eigenschaften von TENADO PROTECT seine Aufgabe besonders erleichtern, hat Uwe K\u00fchte eine klare Antwort: \u201eDie einfache Umsetzung! Man kann sehr schnell \u00c4nderungen vornehmen, wie zum Beispiel Zeichen platzieren oder ver\u00e4ndern. Auch die Bibliothek ist umfangreich und vollst\u00e4ndig. Es gibt regelm\u00e4\u00dfige Updates, mit denen wir immer auf dem neuesten Stand sind und normgerecht arbeiten k\u00f6nnen.\u201c\t\t\t\t\t\t\t\t<\/div>\n\t\t\t\t<\/div>\n\t\t\t\t<div class=\"elementor-element elementor-element-5c4dded elementor-widget elementor-widget-image\" data-id=\"5c4dded\" data-element_type=\"widget\" data-e-type=\"widget\" data-widget_type=\"image.default\">\n\t\t\t\t<div class=\"elementor-widget-container\">\n\t\t\t\t\t\t\t\t\t\t\t\t\t\t\t<img decoding=\"async\" width=\"1280\" height=\"455\" src=\"https:\/\/tenado.de\/wp-content\/uploads\/2023\/05\/testimonial-Refratechnik-Ceramics-3.webp\" class=\"attachment-full size-full wp-image-11775\" alt=\"\" srcset=\"https:\/\/tenado.de\/wp-content\/uploads\/2023\/05\/testimonial-Refratechnik-Ceramics-3.webp 1280w, https:\/\/tenado.de\/wp-content\/uploads\/2023\/05\/testimonial-Refratechnik-Ceramics-3-300x107.webp 300w, https:\/\/tenado.de\/wp-content\/uploads\/2023\/05\/testimonial-Refratechnik-Ceramics-3-1024x364.webp 1024w, https:\/\/tenado.de\/wp-content\/uploads\/2023\/05\/testimonial-Refratechnik-Ceramics-3-768x273.jpg 768w\" sizes=\"(max-width: 1280px) 100vw, 1280px\" \/>\t\t\t\t\t\t\t\t\t\t\t\t\t\t\t<\/div>\n\t\t\t\t<\/div>\n\t\t\t\t\t<\/div>\n\t\t\t\t<\/div>\n\t\t<div class=\"elementor-element elementor-element-dc222a4 e-con-full e-flex e-con e-parent\" data-id=\"dc222a4\" data-element_type=\"container\" data-e-type=\"container\">\n\t\t\t\t<div class=\"elementor-element elementor-element-04cdfc0 elementor-widget elementor-widget-shortcode\" data-id=\"04cdfc0\" data-element_type=\"widget\" data-e-type=\"widget\" data-widget_type=\"shortcode.default\">\n\t\t\t\t<div class=\"elementor-widget-container\">\n\t\t\t\t\t\t\t<div class=\"elementor-shortcode\">\t\t<div data-elementor-type=\"section\" data-elementor-id=\"13146\" class=\"elementor elementor-13146 elementor-6263 elementor-6263\" data-elementor-post-type=\"elementor_library\">\n\t\t\t<div class=\"elementor-element elementor-element-500775c e-con-full e-flex e-con e-parent\" data-id=\"500775c\" data-element_type=\"container\" data-e-type=\"container\" data-settings=\"{&quot;background_background&quot;:&quot;classic&quot;}\">\n\t\t<div class=\"elementor-element elementor-element-527f2ea e-con-full e-flex e-con e-child\" data-id=\"527f2ea\" data-element_type=\"container\" data-e-type=\"container\">\n\t\t\t\t<div class=\"elementor-element elementor-element-1712f02 elementor-widget elementor-widget-heading\" data-id=\"1712f02\" data-element_type=\"widget\" data-e-type=\"widget\" data-widget_type=\"heading.default\">\n\t\t\t\t<div class=\"elementor-widget-container\">\n\t\t\t\t\t<h2 class=\"elementor-heading-title elementor-size-default\">Verbinden Sie sich mit uns<\/h2>\t\t\t\t<\/div>\n\t\t\t\t<\/div>\n\t\t\t\t<div class=\"elementor-element elementor-element-857fbb8 elementor-widget elementor-widget-heading\" data-id=\"857fbb8\" data-element_type=\"widget\" data-e-type=\"widget\" data-widget_type=\"heading.default\">\n\t\t\t\t<div class=\"elementor-widget-container\">\n\t\t\t\t\t<h3 class=\"elementor-heading-title elementor-size-default\">Sind Sie bereit, den Wandel Ihres Unternehmens voranzutreiben?<\/h3>\t\t\t\t<\/div>\n\t\t\t\t<\/div>\n\t\t\t\t<div class=\"elementor-element elementor-element-3880775 elementor-align-center diamond-btn-light-blue elementor-widget elementor-widget-button\" data-id=\"3880775\" data-element_type=\"widget\" data-e-type=\"widget\" data-widget_type=\"button.default\">\n\t\t\t\t<div class=\"elementor-widget-container\">\n\t\t\t\t\t\t\t\t\t<div class=\"elementor-button-wrapper\">\n\t\t\t\t\t<a class=\"elementor-button elementor-button-link elementor-size-sm\" href=\"https:\/\/tenado.de\/de\/vereinbaren-sie-eine-demo\/\">\n\t\t\t\t\t\t<span class=\"elementor-button-content-wrapper\">\n\t\t\t\t\t\t\t\t\t<span class=\"elementor-button-text\">KONTAKTIEREN SIE UNS<\/span>\n\t\t\t\t\t<\/span>\n\t\t\t\t\t<\/a>\n\t\t\t\t<\/div>\n\t\t\t\t\t\t\t\t<\/div>\n\t\t\t\t<\/div>\n\t\t\t\t<\/div>\n\t\t\t\t<\/div>\n\t\t\t\t<\/div>\n\t\t<\/div>\n\t\t\t\t\t\t<\/div>\n\t\t\t\t<\/div>\n\t\t\t\t<\/div>\n\t\t\t\t<\/div>\n\t\t","protected":false},"excerpt":{"rendered":"<p>Ausflug zu den Hochtemperatur-Profis 23.000 m\u00b2 Fl\u00e4che, ca. 260 Besch\u00e4ftigte und viel zu tun in Sachen vorbeugender Brandschutz: Die Refratechnik Ceramics GmbH vertraut auf TENADO PROTECT, um schnell und normgerecht zu arbeiten. Sicherheit im gro\u00dfen Ma\u00dfstab Die Refratechnik Ceramics GmbH ist Teil der globalen Refratechnik Gruppe. Sie entwickelt, produziert und vertreibt Feuerfestmaterialien f\u00fcr Hochtemperaturprozesse. Die [&hellip;]<\/p>\n","protected":false},"author":16,"featured_media":11768,"comment_status":"closed","ping_status":"open","sticky":false,"template":"","format":"standard","meta":{"content-type":"","inline_featured_image":false,"footnotes":""},"categories":[121],"tags":[],"class_list":["post-11950","post","type-post","status-publish","format-standard","has-post-thumbnail","hentry","category-tenado-protect-2"],"yoast_head":"<!-- This site is optimized with the Yoast SEO plugin v27.5 - https:\/\/yoast.com\/product\/yoast-seo-wordpress\/ -->\n<title>Refratechnik Ceramics GmbH | TENADO<\/title>\n<meta name=\"description\" content=\"Ausflug zu den Hochtemperatur-Profis\" \/>\n<meta name=\"robots\" content=\"index, follow, max-snippet:-1, max-image-preview:large, max-video-preview:-1\" \/>\n<link rel=\"canonical\" href=\"https:\/\/tenado.de\/de\/refratechnik-ceramics-gmbh\/\" \/>\n<meta property=\"og:locale\" content=\"de_DE\" \/>\n<meta property=\"og:type\" content=\"article\" \/>\n<meta property=\"og:title\" content=\"Refratechnik Ceramics GmbH | TENADO\" \/>\n<meta property=\"og:description\" content=\"Ausflug zu den Hochtemperatur-Profis\" \/>\n<meta property=\"og:url\" content=\"https:\/\/tenado.de\/de\/refratechnik-ceramics-gmbh\/\" \/>\n<meta property=\"og:site_name\" content=\"TENADO\" \/>\n<meta property=\"article:publisher\" content=\"https:\/\/www.facebook.com\/revalize\/\" \/>\n<meta property=\"article:published_time\" content=\"2023-05-18T13:47:27+00:00\" \/>\n<meta property=\"article:modified_time\" content=\"2025-09-04T10:58:12+00:00\" \/>\n<meta property=\"og:image\" content=\"https:\/\/tenado.de\/wp-content\/uploads\/2023\/05\/testimonal-Uwe-Kuhte.webp\" \/>\n\t<meta property=\"og:image:width\" content=\"640\" \/>\n\t<meta property=\"og:image:height\" content=\"480\" \/>\n\t<meta property=\"og:image:type\" content=\"image\/webp\" \/>\n<meta name=\"author\" content=\"Testimonials\" \/>\n<meta name=\"twitter:card\" content=\"summary_large_image\" \/>\n<meta name=\"twitter:creator\" content=\"@revalize\" \/>\n<meta name=\"twitter:site\" content=\"@revalize\" \/>\n<meta name=\"twitter:label1\" content=\"Verfasst von\" \/>\n\t<meta name=\"twitter:data1\" content=\"Testimonials\" \/>\n\t<meta name=\"twitter:label2\" content=\"Gesch\u00e4tzte Lesezeit\" \/>\n\t<meta name=\"twitter:data2\" content=\"3\u00a0Minuten\" \/>\n<script type=\"application\/ld+json\" class=\"yoast-schema-graph\">{\"@context\":\"https:\\\/\\\/schema.org\",\"@graph\":[{\"@type\":\"Article\",\"@id\":\"https:\\\/\\\/tenado.de\\\/de\\\/refratechnik-ceramics-gmbh\\\/#article\",\"isPartOf\":{\"@id\":\"https:\\\/\\\/tenado.de\\\/de\\\/refratechnik-ceramics-gmbh\\\/\"},\"author\":{\"name\":\"Testimonials\",\"@id\":\"https:\\\/\\\/tenado.de\\\/de\\\/#\\\/schema\\\/person\\\/9da21f2c1785ba86720bfe719c0261c6\"},\"headline\":\"Refratechnik Ceramics GmbH\",\"datePublished\":\"2023-05-18T13:47:27+00:00\",\"dateModified\":\"2025-09-04T10:58:12+00:00\",\"mainEntityOfPage\":{\"@id\":\"https:\\\/\\\/tenado.de\\\/de\\\/refratechnik-ceramics-gmbh\\\/\"},\"wordCount\":466,\"publisher\":{\"@id\":\"https:\\\/\\\/tenado.de\\\/de\\\/#organization\"},\"image\":{\"@id\":\"https:\\\/\\\/tenado.de\\\/de\\\/refratechnik-ceramics-gmbh\\\/#primaryimage\"},\"thumbnailUrl\":\"https:\\\/\\\/tenado.de\\\/wp-content\\\/uploads\\\/2023\\\/05\\\/testimonal-Uwe-Kuhte.webp\",\"articleSection\":[\"TENADO PROTECT\"],\"inLanguage\":\"de\"},{\"@type\":\"WebPage\",\"@id\":\"https:\\\/\\\/tenado.de\\\/de\\\/refratechnik-ceramics-gmbh\\\/\",\"url\":\"https:\\\/\\\/tenado.de\\\/de\\\/refratechnik-ceramics-gmbh\\\/\",\"name\":\"Refratechnik Ceramics GmbH | TENADO\",\"isPartOf\":{\"@id\":\"https:\\\/\\\/tenado.de\\\/de\\\/#website\"},\"primaryImageOfPage\":{\"@id\":\"https:\\\/\\\/tenado.de\\\/de\\\/refratechnik-ceramics-gmbh\\\/#primaryimage\"},\"image\":{\"@id\":\"https:\\\/\\\/tenado.de\\\/de\\\/refratechnik-ceramics-gmbh\\\/#primaryimage\"},\"thumbnailUrl\":\"https:\\\/\\\/tenado.de\\\/wp-content\\\/uploads\\\/2023\\\/05\\\/testimonal-Uwe-Kuhte.webp\",\"datePublished\":\"2023-05-18T13:47:27+00:00\",\"dateModified\":\"2025-09-04T10:58:12+00:00\",\"description\":\"Ausflug zu den Hochtemperatur-Profis\",\"breadcrumb\":{\"@id\":\"https:\\\/\\\/tenado.de\\\/de\\\/refratechnik-ceramics-gmbh\\\/#breadcrumb\"},\"inLanguage\":\"de\",\"potentialAction\":[{\"@type\":\"ReadAction\",\"target\":[\"https:\\\/\\\/tenado.de\\\/de\\\/refratechnik-ceramics-gmbh\\\/\"]}]},{\"@type\":\"ImageObject\",\"inLanguage\":\"de\",\"@id\":\"https:\\\/\\\/tenado.de\\\/de\\\/refratechnik-ceramics-gmbh\\\/#primaryimage\",\"url\":\"https:\\\/\\\/tenado.de\\\/wp-content\\\/uploads\\\/2023\\\/05\\\/testimonal-Uwe-Kuhte.webp\",\"contentUrl\":\"https:\\\/\\\/tenado.de\\\/wp-content\\\/uploads\\\/2023\\\/05\\\/testimonal-Uwe-Kuhte.webp\",\"width\":640,\"height\":480},{\"@type\":\"BreadcrumbList\",\"@id\":\"https:\\\/\\\/tenado.de\\\/de\\\/refratechnik-ceramics-gmbh\\\/#breadcrumb\",\"itemListElement\":[{\"@type\":\"ListItem\",\"position\":1,\"name\":\"Home\",\"item\":\"https:\\\/\\\/tenado.de\\\/de\\\/\"},{\"@type\":\"ListItem\",\"position\":2,\"name\":\"Refratechnik Ceramics GmbH\"}]},{\"@type\":\"WebSite\",\"@id\":\"https:\\\/\\\/tenado.de\\\/de\\\/#website\",\"url\":\"https:\\\/\\\/tenado.de\\\/de\\\/\",\"name\":\"TENADO\",\"description\":\"Great Starts With\",\"publisher\":{\"@id\":\"https:\\\/\\\/tenado.de\\\/de\\\/#organization\"},\"potentialAction\":[{\"@type\":\"SearchAction\",\"target\":{\"@type\":\"EntryPoint\",\"urlTemplate\":\"https:\\\/\\\/tenado.de\\\/de\\\/?s={search_term_string}\"},\"query-input\":{\"@type\":\"PropertyValueSpecification\",\"valueRequired\":true,\"valueName\":\"search_term_string\"}}],\"inLanguage\":\"de\"},{\"@type\":\"Organization\",\"@id\":\"https:\\\/\\\/tenado.de\\\/de\\\/#organization\",\"name\":\"TENADO\",\"url\":\"https:\\\/\\\/tenado.de\\\/de\\\/\",\"logo\":{\"@type\":\"ImageObject\",\"inLanguage\":\"de\",\"@id\":\"https:\\\/\\\/tenado.de\\\/de\\\/#\\\/schema\\\/logo\\\/image\\\/\",\"url\":\"https:\\\/\\\/tenado.de\\\/wp-content\\\/uploads\\\/2023\\\/05\\\/TENADO-From-Revalize-logo.png\",\"contentUrl\":\"https:\\\/\\\/tenado.de\\\/wp-content\\\/uploads\\\/2023\\\/05\\\/TENADO-From-Revalize-logo.png\",\"width\":640,\"height\":156,\"caption\":\"TENADO\"},\"image\":{\"@id\":\"https:\\\/\\\/tenado.de\\\/de\\\/#\\\/schema\\\/logo\\\/image\\\/\"},\"sameAs\":[\"https:\\\/\\\/www.facebook.com\\\/revalize\\\/\",\"https:\\\/\\\/x.com\\\/revalize\",\"https:\\\/\\\/www.linkedin.com\\\/company\\\/revalize\\\/\"]},{\"@type\":\"Person\",\"@id\":\"https:\\\/\\\/tenado.de\\\/de\\\/#\\\/schema\\\/person\\\/9da21f2c1785ba86720bfe719c0261c6\",\"name\":\"Testimonials\",\"url\":\"https:\\\/\\\/tenado.de\\\/de\\\/author\\\/testimonials\\\/\"}]}<\/script>\n<!-- \/ Yoast SEO plugin. -->","yoast_head_json":{"title":"Refratechnik Ceramics GmbH | TENADO","description":"Ausflug zu den Hochtemperatur-Profis","robots":{"index":"index","follow":"follow","max-snippet":"max-snippet:-1","max-image-preview":"max-image-preview:large","max-video-preview":"max-video-preview:-1"},"canonical":"https:\/\/tenado.de\/de\/refratechnik-ceramics-gmbh\/","og_locale":"de_DE","og_type":"article","og_title":"Refratechnik Ceramics GmbH | TENADO","og_description":"Ausflug zu den Hochtemperatur-Profis","og_url":"https:\/\/tenado.de\/de\/refratechnik-ceramics-gmbh\/","og_site_name":"TENADO","article_publisher":"https:\/\/www.facebook.com\/revalize\/","article_published_time":"2023-05-18T13:47:27+00:00","article_modified_time":"2025-09-04T10:58:12+00:00","og_image":[{"width":640,"height":480,"url":"https:\/\/tenado.de\/wp-content\/uploads\/2023\/05\/testimonal-Uwe-Kuhte.webp","type":"image\/webp"}],"author":"Testimonials","twitter_card":"summary_large_image","twitter_creator":"@revalize","twitter_site":"@revalize","twitter_misc":{"Verfasst von":"Testimonials","Gesch\u00e4tzte Lesezeit":"3\u00a0Minuten"},"schema":{"@context":"https:\/\/schema.org","@graph":[{"@type":"Article","@id":"https:\/\/tenado.de\/de\/refratechnik-ceramics-gmbh\/#article","isPartOf":{"@id":"https:\/\/tenado.de\/de\/refratechnik-ceramics-gmbh\/"},"author":{"name":"Testimonials","@id":"https:\/\/tenado.de\/de\/#\/schema\/person\/9da21f2c1785ba86720bfe719c0261c6"},"headline":"Refratechnik Ceramics GmbH","datePublished":"2023-05-18T13:47:27+00:00","dateModified":"2025-09-04T10:58:12+00:00","mainEntityOfPage":{"@id":"https:\/\/tenado.de\/de\/refratechnik-ceramics-gmbh\/"},"wordCount":466,"publisher":{"@id":"https:\/\/tenado.de\/de\/#organization"},"image":{"@id":"https:\/\/tenado.de\/de\/refratechnik-ceramics-gmbh\/#primaryimage"},"thumbnailUrl":"https:\/\/tenado.de\/wp-content\/uploads\/2023\/05\/testimonal-Uwe-Kuhte.webp","articleSection":["TENADO PROTECT"],"inLanguage":"de"},{"@type":"WebPage","@id":"https:\/\/tenado.de\/de\/refratechnik-ceramics-gmbh\/","url":"https:\/\/tenado.de\/de\/refratechnik-ceramics-gmbh\/","name":"Refratechnik Ceramics GmbH | TENADO","isPartOf":{"@id":"https:\/\/tenado.de\/de\/#website"},"primaryImageOfPage":{"@id":"https:\/\/tenado.de\/de\/refratechnik-ceramics-gmbh\/#primaryimage"},"image":{"@id":"https:\/\/tenado.de\/de\/refratechnik-ceramics-gmbh\/#primaryimage"},"thumbnailUrl":"https:\/\/tenado.de\/wp-content\/uploads\/2023\/05\/testimonal-Uwe-Kuhte.webp","datePublished":"2023-05-18T13:47:27+00:00","dateModified":"2025-09-04T10:58:12+00:00","description":"Ausflug zu den Hochtemperatur-Profis","breadcrumb":{"@id":"https:\/\/tenado.de\/de\/refratechnik-ceramics-gmbh\/#breadcrumb"},"inLanguage":"de","potentialAction":[{"@type":"ReadAction","target":["https:\/\/tenado.de\/de\/refratechnik-ceramics-gmbh\/"]}]},{"@type":"ImageObject","inLanguage":"de","@id":"https:\/\/tenado.de\/de\/refratechnik-ceramics-gmbh\/#primaryimage","url":"https:\/\/tenado.de\/wp-content\/uploads\/2023\/05\/testimonal-Uwe-Kuhte.webp","contentUrl":"https:\/\/tenado.de\/wp-content\/uploads\/2023\/05\/testimonal-Uwe-Kuhte.webp","width":640,"height":480},{"@type":"BreadcrumbList","@id":"https:\/\/tenado.de\/de\/refratechnik-ceramics-gmbh\/#breadcrumb","itemListElement":[{"@type":"ListItem","position":1,"name":"Home","item":"https:\/\/tenado.de\/de\/"},{"@type":"ListItem","position":2,"name":"Refratechnik Ceramics GmbH"}]},{"@type":"WebSite","@id":"https:\/\/tenado.de\/de\/#website","url":"https:\/\/tenado.de\/de\/","name":"TENADO","description":"Great Starts With","publisher":{"@id":"https:\/\/tenado.de\/de\/#organization"},"potentialAction":[{"@type":"SearchAction","target":{"@type":"EntryPoint","urlTemplate":"https:\/\/tenado.de\/de\/?s={search_term_string}"},"query-input":{"@type":"PropertyValueSpecification","valueRequired":true,"valueName":"search_term_string"}}],"inLanguage":"de"},{"@type":"Organization","@id":"https:\/\/tenado.de\/de\/#organization","name":"TENADO","url":"https:\/\/tenado.de\/de\/","logo":{"@type":"ImageObject","inLanguage":"de","@id":"https:\/\/tenado.de\/de\/#\/schema\/logo\/image\/","url":"https:\/\/tenado.de\/wp-content\/uploads\/2023\/05\/TENADO-From-Revalize-logo.png","contentUrl":"https:\/\/tenado.de\/wp-content\/uploads\/2023\/05\/TENADO-From-Revalize-logo.png","width":640,"height":156,"caption":"TENADO"},"image":{"@id":"https:\/\/tenado.de\/de\/#\/schema\/logo\/image\/"},"sameAs":["https:\/\/www.facebook.com\/revalize\/","https:\/\/x.com\/revalize","https:\/\/www.linkedin.com\/company\/revalize\/"]},{"@type":"Person","@id":"https:\/\/tenado.de\/de\/#\/schema\/person\/9da21f2c1785ba86720bfe719c0261c6","name":"Testimonials","url":"https:\/\/tenado.de\/de\/author\/testimonials\/"}]}},"_links":{"self":[{"href":"https:\/\/tenado.de\/de\/wp-json\/wp\/v2\/posts\/11950","targetHints":{"allow":["GET"]}}],"collection":[{"href":"https:\/\/tenado.de\/de\/wp-json\/wp\/v2\/posts"}],"about":[{"href":"https:\/\/tenado.de\/de\/wp-json\/wp\/v2\/types\/post"}],"author":[{"embeddable":true,"href":"https:\/\/tenado.de\/de\/wp-json\/wp\/v2\/users\/16"}],"replies":[{"embeddable":true,"href":"https:\/\/tenado.de\/de\/wp-json\/wp\/v2\/comments?post=11950"}],"version-history":[{"count":0,"href":"https:\/\/tenado.de\/de\/wp-json\/wp\/v2\/posts\/11950\/revisions"}],"wp:featuredmedia":[{"embeddable":true,"href":"https:\/\/tenado.de\/de\/wp-json\/wp\/v2\/media\/11768"}],"wp:attachment":[{"href":"https:\/\/tenado.de\/de\/wp-json\/wp\/v2\/media?parent=11950"}],"wp:term":[{"taxonomy":"category","embeddable":true,"href":"https:\/\/tenado.de\/de\/wp-json\/wp\/v2\/categories?post=11950"},{"taxonomy":"post_tag","embeddable":true,"href":"https:\/\/tenado.de\/de\/wp-json\/wp\/v2\/tags?post=11950"}],"curies":[{"name":"wp","href":"https:\/\/api.w.org\/{rel}","templated":true}]}}